{"id":527,"date":"2020-03-27T20:01:11","date_gmt":"2020-03-27T20:01:11","guid":{"rendered":"https:\/\/lolasalinas-psicologa.com\/wordpress\/?p=527"},"modified":"2023-10-15T15:51:37","modified_gmt":"2023-10-15T15:51:37","slug":"homeostasis-social","status":"publish","type":"post","link":"https:\/\/psicologa-lolasalinas.com\/wordpress\/index.php\/2020\/03\/27\/homeostasis-social\/","title":{"rendered":"Homeostasis Social"},"content":{"rendered":"\n<ul class=\"wp-block-list\">\n<li><a href=\"#Ind1\" data-type=\"internal\" data-id=\"#Ind1\">Equilibrio y Salud<\/a><\/li>\n\n\n\n<li><a href=\"#Ind2\" data-type=\"internal\" data-id=\"#Ind2\">La qu\u00edmica del cerebro<\/a><\/li>\n\n\n\n<li><a href=\"#Ind3\" data-type=\"internal\" data-id=\"#Ind3\">El legado cultural<\/a><\/li>\n\n\n\n<li><a href=\"#Ind4\" data-type=\"internal\" data-id=\"#Ind4\">Las divergencias<\/a><\/li>\n\n\n\n<li><a href=\"#Ind5\" data-type=\"internal\" data-id=\"#Ind5\">Los m\u00e1s vulnerables<\/a><\/li>\n<\/ul>\n\n\n\n<h2 class=\"wp-block-heading\">Equilibrio y Salud<\/h2>\n\n\n\n<p>La naturaleza, la sociedad humana y las personas que la constituimos formamos un sistema en interacci\u00f3n. Ese sistema lo podemos comparar con un edificio, con su estructura, sus cimientos, sus materiales, su superficie, su altura, sus espacios, etc. Para que el edificio se mantenga, funcione y sea estable, es necesario que respete un principio fundamental: el equilibrio. Con los organismos vivos sucede igual, la homeostasis o equilibrio es fundamental para su supervivencia.<\/p>\n\n\n\n<p>El equilibrio de una sociedad tambi\u00e9n es la mejor garant\u00eda para prevenir y defenderse con eficacia de los efectos de cualquier amenaza al colectivo o a sus individuos. <\/p>\n\n\n\n<p>El desequilibrio provoca grietas, desajustes, disfunciones, vulnerabilidad, descontrol, injusticias y situaciones de caos. <\/p>\n\n\n\n<h2 class=\"wp-block-heading\" id=\"Ind2\">La qu\u00edmica del cerebro <\/h2>\n\n\n\n<p>B\u00e1sicamente, nuestro cuerpo es qu\u00edmica, y el cerebro es su sala de m\u00e1quinas. El cerebro es una maravilla de la evoluci\u00f3n: es qu\u00edmica (biol\u00f3gia) + experiencia individual (psicolog\u00eda) + experiencia colectiva (sociedad y cultura). Para que un organismo funcione bien, necesita una homeostasis o equilibrio. Para que un cuerpo y una sociedad funcionen bien, necesitan un equilibrio entre esos tres elementos bio-psico-sociales.<\/p>\n\n\n\n<p>El cerebro humano es producto de esa extraordinaria plasticidad de la qu\u00edmica, de los procesos evolutivos, y de la interacci\u00f3n social. <\/p>\n\n\n\n<p>De modo que hoy podemos hablar de cerebro colectivo, ya no somos qu\u00edmica, somos una combinaci\u00f3n extraordinaria bio-psico-social. Desde una simple palabra hasta una compleja f\u00f3rmula para producir un medicamento, son producto de la evoluci\u00f3n social y del \u2018almacenamiento\u2019 cultural que ha generado la humanidad en su conjunto. Ese almacenamiento se actualiza en los cerebros individuales a trav\u00e9s de la Educaci\u00f3n, la cultura y la socializaci\u00f3n.<\/p>\n\n\n\n<h2 class=\"wp-block-heading\" id=\"Ind3\">El cerebro colectivo<\/h2>\n\n\n\n<p>Cuanto m\u00e1s equilibrio se produzca en el sistema social, mejor se comparte el legado cultural y m\u00e1s individuos lograran participar de los logros colectivos. Cuantos m\u00e1s individuos accedan al cerebro colectivo, m\u00e1s contribuir\u00e1n a su sostenibilidad, supervivencia y enriquecimiento.<\/p>\n\n\n\n<p>El cerebro colectivo siempre ha querido comprender y controlar su entorno, para ello genera teor\u00edas, religiones, rituales y costumbres, la observaci\u00f3n, la contrastaci\u00f3n y, por \u00faltimo, el m\u00e9todo cient\u00edfico. <\/p>\n\n\n\n<p>El cerebro colectivo, en sus manifestaciones cient\u00edfica, pol\u00edtica, acad\u00e9mica, solidaria e incluso visionaria, ha hecho posible el avance del conocimiento, la investigaci\u00f3n, la filosof\u00eda, las leyes, la medicina, los f\u00e1rmacos, la higiene, salud, alimentaci\u00f3n, prevenci\u00f3n, etc. Todo ello nos ha llevado a prolongar la esperanza de vida hasta duplicarla en cuesti\u00f3n de un siglo.<\/p>\n\n\n\n<p>Ese cerebro colectivo tambi\u00e9n ha creado instituciones supranacionales\nde car\u00e1cter global como la OMS (WHO en sus siglas en ingl\u00e9s); la FAO; Naciones Unidas;\nOCDE; etc., con el objetivo de crear conocimiento com\u00fan, colaborando entre\ntodos los pa\u00edses miembros para compartirlo y aplicarlo, persiguiendo una\nsociedad global m\u00e1s equilibrada en t\u00e9rminos de bienestar, salud, rentas,\nderechos y oportunidades de todos los individuos que comparten el planeta.<\/p>\n\n\n\n<p>La misi\u00f3n de estas organizaciones no es f\u00e1cil, ni r\u00e1pida, ni\nexenta de vaivenes, problemas y esfuerzo. Sin embargo, hasta la fecha, son el\nproyecto m\u00e1s \u2018humanista\u2019 y equitativo.<\/p>\n\n\n\n<p>Una de las mayores dificultades para estas organizaciones y su misi\u00f3n humanista es que el cerebro colectivo no siempre rema en la misma direcci\u00f3n. Hay individuos y grupos que se alimentan de \u00e9l en una u otra forma, pero boicotean su esencia. <\/p>\n\n\n\n<p>Hoy en d\u00eda, tenemos suficiente experiencia para ser conscientes de la importancia del equilibrio social y de preservar lo valioso de la cultura humana. Sin embargo, sigue habiendo individuos (disidentes) a quienes este principio no convence. Su visi\u00f3n es individualista, por ego\u00edsmo y por ceguera se olvidan de que su posici\u00f3n es debida al esfuerzo colectivo previo y coet\u00e1neo. <\/p>\n\n\n\n<p>El equilibrio consiste en conjugar la evoluci\u00f3n y cultura colectiva para proteger una evoluci\u00f3n controlada, consciente, responsable y sostenible, al tiempo que se potencian y protegen los derechos y el desarrollo de cada persona.<\/p>\n\n\n\n<h2 class=\"wp-block-heading\" id=\"Ind4\">Las divergencias<\/h2>\n\n\n\n<p>Las divergencias y disidencias se plasman en las ideolog\u00edas, en los criterios, en las prioridades, en los valores y en las conductas y decisiones de las personas, de los grupos sociales y de los pol\u00edticos y los partidos a los que representan.<\/p>\n\n\n\n<p>Hay divergencias que se producen por ignorancia. Muchas\npersonas piensan que la pobreza, la desnutrici\u00f3n, la falta de educaci\u00f3n, el\nhacinamiento y la falta de oportunidades son responsabilidad del individuo, no\nde la sociedad.<\/p>\n\n\n\n<p>Hay divergencias que se producen por miedos, complejos, prejuicios, cegueras y\/o ego\u00edsmos. Por ejemplo, algunas personas quieren m\u00e1s privilegios que otros, se inventan un sistema para justificar su derecho a esos privilegios y desarrollan leyes, normas y estructuras sociales que los reproducen. Aunque no los legitimen, viven protegidos por un sistema de vasallos, adl\u00e1teres y conniventes a los que alimentan.<\/p>\n\n\n\n<p>Hay divergencias que se producen por falta de conciencia y\/o\n\u00e9tica. Por ejemplo, la utilizaci\u00f3n de los servicios de prostituci\u00f3n a pesar de que\nes una lacra social que atenta contra la salud, la dignidad, la igualdad, el\ndesarrollo o la equidad de una gran parte de la humanidad.<\/p>\n\n\n\n<p>Hay divergencias que se producen por sociopat\u00eda y\/o psicopat\u00eda. La trata de seres humanos, la explotaci\u00f3n de la mano de obra, las estafas, los timos, la malversaci\u00f3n, los abusos de poder, los asesinatos\u2026<\/p>\n\n\n\n<p>Podr\u00eda extenderme mucho m\u00e1s, pero creo que los ejemplos\naportados ilustran con claridad el tipo de discrepancias o divergencias de ese\ncerebro colectivo. <\/p>\n\n\n\n<p>Las que m\u00e1s me interesan aqu\u00ed y ahora son el conjunto de las divergencias que se producen por la inercia. Inercia que es consecuencia de una sociedad que atiende al principio del constante movimiento y crecimiento, sin pararse a reflexionar, creando sectores de la sociedad con un inestable entramado social sin un rumbo consciente, que act\u00faa a ciegas, con consignas en cierto grado ajenas, que producen comodidades y resultan adictivas y t\u00f3xicas a medio y largo plazo.<\/p>\n\n\n\n<p>Esa inercia es din\u00e1mica y toma velocidad, acelera y se\nconvierte en una avalancha. El covid-19 es un virus como tantos otros han\nexistido en la Historia de la Humanidad. Los efectos devastadores no derivan de\nsu propia capacidad, sino del estilo de vida y de esa inercia social. El covid-19\nse ceba con los m\u00e1s vulnerables. \u00bfQui\u00e9nes son y por qu\u00e9 son m\u00e1s vulnerables?<\/p>\n\n\n\n<h2 class=\"wp-block-heading\" id=\"Ind5\">Los m\u00e1s vulnerables<\/h2>\n\n\n\n<p>Las personas octogenarias que habitan residencias p\u00fablicas pero de gesti\u00f3n privada, o privadas y p\u00fablicas sin control, sin dotaciones o sin una gesti\u00f3n adecuada. A saber con qu\u00e9 tipo de alimentaci\u00f3n, higiene, cuidados, atenci\u00f3n m\u00e9dica, control, ejercicio, actividades de estimulaci\u00f3n mental, etc. \u00bfToman suficiente leche, verduras frescas, fruta, pescado fresco, carne, legumbres y aceites en buen estado? &nbsp;\u00bfTienen suficiente higiene? \u00bfReciben el trato emocional y el respeto necesarios? \u00bftienen los controles sanitarios adecuados? \u00bfEst\u00e1n atendidos como nos gustar\u00eda que nos atendieran a nosotros?<\/p>\n\n\n\n<p>Las personas que tienen enfermedades cr\u00f3nicas, causadas en\nparte por el estilo de vida al que en su mayor\u00eda ha contribuido el modelo\necon\u00f3mico defendido por intereses de sectores privilegiados: fumar, vida\nsedentaria, horas de televisi\u00f3n, abundante y mala alimentaci\u00f3n, colmenas de viviendas\nsin jard\u00edn en zonas con alta densidad de poblaci\u00f3n, contaminaci\u00f3n de ruidos y\nde CO2. <\/p>\n\n\n\n<p>Las personas con enfermedades autoinmunes, en parte provocadas\npor el propio medio ambiente de las ciudades con la contaminaci\u00f3n; tambi\u00e9n en\nparte provocadas por la alimentaci\u00f3n, y sin duda provocadas por el estr\u00e9s, la ansiedad\ny los problemas emocionales que los d\u00e9ficits educacionales (familiares y\nescolares) generan durante el proceso de socializaci\u00f3n.<\/p>\n\n\n\n<p>Son vulnerables los sanitarios en primera l\u00ednea, que han\nsufrido los recortes ilimitados de un modelo neoliberal absurdo, deficiente,\ninjusto y a todas luces fracasado, pero al que muchos pol\u00edticos rinden\npleites\u00eda. Estos pol\u00edticos vasallos de las grupos sociales privilegiados a su\nvez, son producto de la mediocridad, de la miseria humana, de la existencia de\nprivilegios insostenibles. La consigna durante varias d\u00e9cadas, incluida la\n\u00faltima crisis, ha sido \u2018Recortes en lo P\u00fablico\u2019 \u2018Facilidades a lo privado\u2019. Los\nrecortes se han materializado en Educaci\u00f3n p\u00fablica, en Investigaci\u00f3n, en Sanidad,\nen Medio Ambiente, en Cultura. Las facilidades han alcanzado cotas de locura\ncomo apoyar hasta lo esperp\u00e9ntico la construcci\u00f3n de un \u2018Las Vegas\u2019 Madrid. <\/p>\n\n\n\n<p>Son vulnerables la inmensa mayor\u00eda de mujeres que practican\nla prostituci\u00f3n, expuestas a las demandas y exigencias de sus clientes. Mujeres\nque en gran parte han accedido a este tipo de actividad porque carecen de\nestudios y oportunidades y prefieren la explotaci\u00f3n de los hombres a ser\nexplotadas por otras mujeres en trabajos mal remunerados, exigentes y poco\nvalorados (trabajadoras del hogar).<\/p>\n\n\n\n<p>Son vulnerables las parejas y familias (hijos, padres,\nmadres\u2026) de todos esos hombres que utilizan la prostituci\u00f3n. Parejas y familias\na las que se miente, a quienes no se les informa de esta pr\u00e1ctica ni del\npeligro que comporta, con quienes se ejerce una gran deslealtad, y, por lo\ntanto, a las que se expone a un peligro constante de contagio del covid-19 o\ntransmisi\u00f3n de enfermedades de todo tipo.<\/p>\n\n\n\n<p>Son vulnerables las sociedades que han dedicado su capital\nhumano, inteligencia, conocimiento y recursos a desarrollar modelos econ\u00f3micos\nbasados fundamentalmente en un solo sector, como por ejemplo el turismo o la\nconstrucci\u00f3n y especulaci\u00f3n, frenando e incluso boicoteando irracionalmente iniciativas\ncon gran futuro (energ\u00eda solar), o desestimando la importancia de desarrollar m\u00e1s\ny mejor industria energ\u00e9tica, textil, alimentaria, farmac\u00e9utica, investigaci\u00f3n,\ntecnol\u00f3gica\u2026 o a desarrollar sectores de \u2018reflexi\u00f3n\u2019 potenciando en las\ndistintas etapas educativas asignaturas como la filosof\u00eda, la sociolog\u00eda, la\npsicolog\u00eda&#8230; o apoyando sin resquicios la cultura a trav\u00e9s de la m\u00fasica, la\nliteratura, el teatro, el cine, la danza, la creatividad, las artes pl\u00e1sticas\u2026\nParad\u00f3jicamente, estas \u00faltimas, hoy nos ayudan a sobrellevar el confinamiento. <\/p>\n\n\n\n<p>En otros grupos la droga les impide el auto control, una\nvida saludable y un buen sistema autoinmune, muchas de estas personas,\ndesarrollan problemas mentales que les impiden tomar decisiones racionales y\nfuncionales. Otros sencillamente se sienten marginados, olvidados de la\nsociedad, excluidos de las ventajas y privilegios que exhiben muchos de los que\nles piden la responsabilidad de protegerse y proteger. <\/p>\n\n\n\n<p>Tambi\u00e9n son vulnerables aquellos que no tienen suficientes\nconocimientos y por lo tanto no disfrutan de una verdadera y suficiente\nautonom\u00eda, ni capacidad para acceder a la informaci\u00f3n veraz. Estos y otros son\nmarionetas, t\u00edteres sin voluntad a los que en estas circunstancias es dif\u00edcil\nhacerles llegar mensajes de responsabilidad, solidaridad, prevenci\u00f3n de la\nsalud y confinamiento. Son hijos de la publicidad, las redes sociales, el\npostureo, los cotilleos, la banalidad y el vaciamiento intelectual. No tienen\nm\u00e1s rumbo que el reconocimiento social. La adicci\u00f3n est\u00e1 presente y les\nconvierte en carne de ca\u00f1\u00f3n para las ventas de casi cualquier cosa: tecnolog\u00eda,\nfitness, dietas, imagen, moda, deporte, alcohol, fiestas, drogas\u2026<\/p>\n\n\n\n<p>Hay m\u00e1s grupos vulnerables, no es mi deseo ser exhaustiva nombr\u00e1ndolos\na todos, porque con total seguridad vendr\u00e1n casos y ejemplos a nuestras mentes.<\/p>\n\n\n\n<p>Todos estos grupos vulnerables, deben su situaci\u00f3n a la\ninercia de una sociedad orientada al desequilibrio, a las desigualdades, al\nindividualismo, a la cobard\u00eda, al ego\u00edsmo\u2026 En definitiva, una inercia de\ndestrucci\u00f3n de la sociedad sostenible. Una inercia que alimenta el\ndesequilibrio y el desajuste, y por lo tanto la disfuncionalidad del sistema\nsocial.<\/p>\n\n\n\n<p>Estos son avisos claros de que el desequilibrio genera grietas y puede comprometer las estructuras aparentemente s\u00f3lidas, llevando al desajuste y al precipicio a sistemas enteros.<\/p>\n\n\n\n<p>Reorientemos, de nuevo, nuestro modelo de sociedad hacia una sociedad equilibrada, para evitar que estos avisos sean cada vez m\u00e1s frecuentes, hasta que sea imposible controlarlos.<\/p>\n\n\n\n<p>Tenemos una oportunidad, de nuevo, para reflexionar y\ncambiar el rumbo. Hag\u00e1moslo entre todos.<\/p>\n","protected":false},"excerpt":{"rendered":"<p>Equilibrio y Salud La naturaleza, la sociedad humana y las personas que la constituimos formamos un sistema en interacci\u00f3n. Ese sistema lo podemos comparar con un edificio, con su estructura, sus cimientos, sus materiales, su superficie, su altura, sus espacios, etc. Para que el edificio se mantenga, funcione y sea estable, es necesario que respete &hellip; <a href=\"https:\/\/psicologa-lolasalinas.com\/wordpress\/index.php\/2020\/03\/27\/homeostasis-social\/\" class=\"more-link\">Sigue leyendo <span class=\"screen-reader-text\">Homeostasis Social<\/span><\/a><\/p>\n","protected":false},"author":1,"featured_media":1191,"comment_status":"open","ping_status":"closed","sticky":false,"template":"","format":"standard","meta":{"footnotes":""},"categories":[5,6,7,8,9],"tags":[392,389,388,391,390],"class_list":["post-527","post","type-post","status-publish","format-standard","has-post-thumbnail","hentry","category-psicologia","category-relaciones-de-pareja","category-salud","category-sexualidad","category-sociologia","tag-equilibrio-y-salud","tag-homeostasis","tag-homeostasis-social","tag-la-cultura-y-el-cerebro","tag-la-quimica-del-cerebro"],"_links":{"self":[{"href":"https:\/\/psicologa-lolasalinas.com\/wordpress\/index.php\/wp-json\/wp\/v2\/posts\/527","targetHints":{"allow":["GET"]}}],"collection":[{"href":"https:\/\/psicologa-lolasalinas.com\/wordpress\/index.php\/wp-json\/wp\/v2\/posts"}],"about":[{"href":"https:\/\/psicologa-lolasalinas.com\/wordpress\/index.php\/wp-json\/wp\/v2\/types\/post"}],"author":[{"embeddable":true,"href":"https:\/\/psicologa-lolasalinas.com\/wordpress\/index.php\/wp-json\/wp\/v2\/users\/1"}],"replies":[{"embeddable":true,"href":"https:\/\/psicologa-lolasalinas.com\/wordpress\/index.php\/wp-json\/wp\/v2\/comments?post=527"}],"version-history":[{"count":2,"href":"https:\/\/psicologa-lolasalinas.com\/wordpress\/index.php\/wp-json\/wp\/v2\/posts\/527\/revisions"}],"predecessor-version":[{"id":1207,"href":"https:\/\/psicologa-lolasalinas.com\/wordpress\/index.php\/wp-json\/wp\/v2\/posts\/527\/revisions\/1207"}],"wp:featuredmedia":[{"embeddable":true,"href":"https:\/\/psicologa-lolasalinas.com\/wordpress\/index.php\/wp-json\/wp\/v2\/media\/1191"}],"wp:attachment":[{"href":"https:\/\/psicologa-lolasalinas.com\/wordpress\/index.php\/wp-json\/wp\/v2\/media?parent=527"}],"wp:term":[{"taxonomy":"category","embeddable":true,"href":"https:\/\/psicologa-lolasalinas.com\/wordpress\/index.php\/wp-json\/wp\/v2\/categories?post=527"},{"taxonomy":"post_tag","embeddable":true,"href":"https:\/\/psicologa-lolasalinas.com\/wordpress\/index.php\/wp-json\/wp\/v2\/tags?post=527"}],"curies":[{"name":"wp","href":"https:\/\/api.w.org\/{rel}","templated":true}]}}